{"id":2636,"date":"2024-01-08T21:18:11","date_gmt":"2024-01-08T21:18:11","guid":{"rendered":"https:\/\/samasinc.com\/?p=2636"},"modified":"2025-04-28T12:35:35","modified_gmt":"2025-04-28T12:35:35","slug":"estetik-ve-dayaniklilik-dis-cephe-icin-paslanmaz-celik-harikalari-samas-ile-kaliteyi-yakalayin","status":"publish","type":"post","link":"https:\/\/samasinc.com\/tr\/estetik-ve-dayaniklilik-dis-cephe-icin-paslanmaz-celik-harikalari-samas-ile-kaliteyi-yakalayin\/","title":{"rendered":"Estetik ve Dayan\u0131kl\u0131l\u0131k: D\u0131\u015f Cephe \u0130\u00e7in Paslanmaz \u00c7elik Harikalar\u0131"},"content":{"rendered":"\n<h1 class=\"wp-block-heading\">Estetik ve Dayan\u0131kl\u0131l\u0131k: D\u0131\u015f Cephe \u0130\u00e7in Paslanmaz \u00c7elik Harikalar\u0131!<\/h1>\n\n\n\n<p>Evimizin d\u0131\u015f cephesi, ilk izlenimi olu\u015fturan ve bize ait bir alan\u0131n d\u0131\u015f d\u00fcnyaya a\u00e7\u0131lan penceresidir. Bu nedenle, d\u0131\u015f cephe malzemeleri hem estetik a\u00e7\u0131dan \u00e7ekici olmal\u0131 hem de uzun \u00f6m\u00fcrl\u00fc bir dayan\u0131kl\u0131l\u0131\u011fa sahip olmal\u0131d\u0131r. Paslanmaz \u00e7elik, bu iki \u00f6zelli\u011fi bir arada sunarak d\u0131\u015f cephe kaplamalar\u0131nda ideal bir tercih haline gelmi\u015ftir. \u0130\u015fte paslanmaz \u00e7eli\u011fin d\u0131\u015f cephede kullan\u0131m\u0131n\u0131n faydalar\u0131 ve neden en iyi paslanmaz \u00e7eli\u011fi Samas&#8217;tan alman\u0131z gerekti\u011fi:<\/p>\n\n\n\n<figure class=\"wp-block-gallery has-nested-images columns-default is-cropped wp-block-gallery-1 is-layout-flex wp-block-gallery-is-layout-flex\">\n<figure class=\"wp-block-image size-large\"><img loading=\"lazy\" decoding=\"async\" width=\"1024\" height=\"467\" data-id=\"2637\" src=\"https:\/\/samasinc.com\/wp-content\/uploads\/2024\/01\/pohl_facades_thesmile_3_1800x1200-1024x467.jpg\" alt=\"\" class=\"wp-image-2637\" srcset=\"https:\/\/samasinc.com\/wp-content\/uploads\/2024\/01\/pohl_facades_thesmile_3_1800x1200-1024x467.jpg 1024w, https:\/\/samasinc.com\/wp-content\/uploads\/2024\/01\/pohl_facades_thesmile_3_1800x1200-300x137.jpg 300w, https:\/\/samasinc.com\/wp-content\/uploads\/2024\/01\/pohl_facades_thesmile_3_1800x1200-768x350.jpg 768w, https:\/\/samasinc.com\/wp-content\/uploads\/2024\/01\/pohl_facades_thesmile_3_1800x1200-1536x701.jpg 1536w, https:\/\/samasinc.com\/wp-content\/uploads\/2024\/01\/pohl_facades_thesmile_3_1800x1200-2048x934.jpg 2048w, https:\/\/samasinc.com\/wp-content\/uploads\/2024\/01\/pohl_facades_thesmile_3_1800x1200-18x8.jpg 18w\" sizes=\"auto, (max-width: 1024px) 100vw, 1024px\" \/><\/figure>\n<\/figure>\n\n\n\n<h2 class=\"wp-block-heading\">1. Estetik ve Modern G\u00f6r\u00fcn\u00fcm:<\/h2>\n\n\n\n<ul class=\"wp-block-list\">\n<li><strong>\u015e\u0131kl\u0131k:<\/strong> Paslanmaz \u00e7elik, modern ve \u015f\u0131k bir g\u00f6r\u00fcn\u00fcm sunar. Parlak ve p\u00fcr\u00fczs\u00fcz y\u00fczeyi, binalara \u00e7a\u011fda\u015f bir hava katarken, mimari detaylar\u0131 \u00f6ne \u00e7\u0131kar\u0131r. Estetik anlamda d\u0131\u015f cephenizi g\u00fczelle\u015ftirmek istiyorsan\u0131z, paslanmaz \u00e7elik harika bir se\u00e7enektir.<\/li>\n\n\n\n<li><strong>Renk Se\u00e7enekleri:<\/strong> Paslanmaz \u00e7elik, do\u011fal gri tonlar\u0131n\u0131n yan\u0131 s\u0131ra alt\u0131n, bronz, siyah gibi renk se\u00e7enekleriyle de sunulur. Bu sayede, bina tasar\u0131m\u0131n\u0131za uygun renkleri se\u00e7erek \u00f6zg\u00fcn ve \u00f6zel bir d\u0131\u015f cephe elde edebilirsiniz.<\/li>\n<\/ul>\n\n\n\n<figure class=\"wp-block-image size-full\"><img loading=\"lazy\" decoding=\"async\" width=\"1024\" height=\"512\" src=\"https:\/\/samasinc.com\/wp-content\/uploads\/2024\/01\/WSU-Museum-10-Pullman-WA-1024x695-panorama-d5f2d8cad58347cd380c881d0255d301-60994ac2a7a78.jpg\" alt=\"\" class=\"wp-image-2638\" srcset=\"https:\/\/samasinc.com\/wp-content\/uploads\/2024\/01\/WSU-Museum-10-Pullman-WA-1024x695-panorama-d5f2d8cad58347cd380c881d0255d301-60994ac2a7a78.jpg 1024w, https:\/\/samasinc.com\/wp-content\/uploads\/2024\/01\/WSU-Museum-10-Pullman-WA-1024x695-panorama-d5f2d8cad58347cd380c881d0255d301-60994ac2a7a78-300x150.jpg 300w, https:\/\/samasinc.com\/wp-content\/uploads\/2024\/01\/WSU-Museum-10-Pullman-WA-1024x695-panorama-d5f2d8cad58347cd380c881d0255d301-60994ac2a7a78-768x384.jpg 768w, https:\/\/samasinc.com\/wp-content\/uploads\/2024\/01\/WSU-Museum-10-Pullman-WA-1024x695-panorama-d5f2d8cad58347cd380c881d0255d301-60994ac2a7a78-18x9.jpg 18w\" sizes=\"auto, (max-width: 1024px) 100vw, 1024px\" \/><\/figure>\n\n\n\n<h2 class=\"wp-block-heading\">2. Dayan\u0131kl\u0131l\u0131k ve Uzun \u00d6m\u00fcr:<\/h2>\n\n\n\n<ul class=\"wp-block-list\">\n<li><strong>Paslanmazl\u0131k:<\/strong> Paslanmaz \u00e7elik, isminden de anla\u015f\u0131labilece\u011fi gibi paslanma e\u011filiminde de\u011fildir. Bu \u00f6zelli\u011fi sayesinde d\u0131\u015f cephede kullan\u0131ld\u0131\u011f\u0131nda uzun y\u0131llar boyunca dayan\u0131kl\u0131l\u0131\u011f\u0131n\u0131 korur ve bak\u0131m gerektirmez.<\/li>\n\n\n\n<li><strong>Hava Ko\u015fullar\u0131na Dayan\u0131kl\u0131l\u0131k:<\/strong> Paslanmaz \u00e7elik, a\u015f\u0131r\u0131 s\u0131cakl\u0131k de\u011fi\u015fimlerine, ya\u011fmura, kar ve di\u011fer hava ko\u015fullar\u0131na kar\u015f\u0131 diren\u00e7lidir. Bu \u00f6zelli\u011fi sayesinde d\u0131\u015f cephede uzun \u00f6m\u00fcrl\u00fc bir performans sunar.<\/li>\n<\/ul>\n\n\n\n<figure class=\"wp-block-gallery has-nested-images columns-default is-cropped wp-block-gallery-2 is-layout-flex wp-block-gallery-is-layout-flex\">\n<figure class=\"wp-block-image size-large\"><img loading=\"lazy\" decoding=\"async\" width=\"1000\" height=\"800\" data-id=\"2639\" src=\"https:\/\/samasinc.com\/wp-content\/uploads\/2024\/01\/stainless-steel-sheet-for-siding.jpg\" alt=\"\" class=\"wp-image-2639\" srcset=\"https:\/\/samasinc.com\/wp-content\/uploads\/2024\/01\/stainless-steel-sheet-for-siding.jpg 1000w, https:\/\/samasinc.com\/wp-content\/uploads\/2024\/01\/stainless-steel-sheet-for-siding-300x240.jpg 300w, https:\/\/samasinc.com\/wp-content\/uploads\/2024\/01\/stainless-steel-sheet-for-siding-768x614.jpg 768w, https:\/\/samasinc.com\/wp-content\/uploads\/2024\/01\/stainless-steel-sheet-for-siding-15x12.jpg 15w\" sizes=\"auto, (max-width: 1000px) 100vw, 1000px\" \/><\/figure>\n<\/figure>\n\n\n\n<h2 class=\"wp-block-heading\">3. Neden Samas?<\/h2>\n\n\n\n<ul class=\"wp-block-list\">\n<li><strong>Kalite Standartlar\u0131:<\/strong> Samas, paslanmaz \u00e7elik \u00fcr\u00fcnlerinde y\u00fcksek kalite standartlar\u0131na sad\u0131k kalan bir markad\u0131r. \u00dcr\u00fcnleri, dayan\u0131kl\u0131l\u0131k ve estetik a\u00e7\u0131dan en \u00fcst d\u00fczeyde performans sa\u011flamak \u00fczere tasarlan\u0131r ve \u00fcretilir.<\/li>\n\n\n\n<li><strong>Teknolojik \u0130novasyon:<\/strong> Samas, paslanmaz \u00e7elik konusundaki teknolojik yenilikleri s\u00fcrekli olarak takip eder ve \u00fcr\u00fcnlerinde en son teknolojileri kullan\u0131r. Bu sayede m\u00fc\u015fterilere \u00e7a\u011fda\u015f ve y\u00fcksek performansl\u0131 \u00fcr\u00fcnler sunar.<\/li>\n\n\n\n<li><strong>Geni\u015f \u00dcr\u00fcn Yelpazesi:<\/strong> Samas&#8217;\u0131n geni\u015f \u00fcr\u00fcn yelpazesi, farkl\u0131 mimari tarzlara uygun \u00e7e\u015fitli paslanmaz \u00e7elik kaplama se\u00e7enekleri sunar. B\u00f6ylece her m\u00fc\u015fteri, kendi tercihlerine uygun bir \u00e7\u00f6z\u00fcm bulabilir.<\/li>\n<\/ul>\n\n\n\n<p>Paslanmaz \u00e7elik, d\u0131\u015f cephe kaplamalar\u0131nda estetik ve dayan\u0131kl\u0131l\u0131\u011f\u0131 bir araya getirerek m\u00fckemmel bir se\u00e7enek sunar. Samas ile kaliteyi yakalayarak bina d\u0131\u015f cephede uzun \u00f6m\u00fcrl\u00fc ve \u015f\u0131k bir g\u00f6r\u00fcn\u00fcm elde edebilirsiniz. Samas ile bir ad\u0131m \u00f6ne ge\u00e7in, binalar\u0131n\u0131za de\u011fer kat\u0131n!<\/p>\n\n\n\n<p><a href=\"https:\/\/samasinc.com\/tr\/bize-ulasin\/\">Bize Ula\u015f\u0131n!<\/a><\/p>\n","protected":false},"excerpt":{"rendered":"<p>Estetik ve Dayan\u0131kl\u0131l\u0131k: D\u0131\u015f Cephe \u0130\u00e7in Paslanmaz \u00c7elik Harikalar\u0131! Evimizin d\u0131\u015f cephesi, ilk izlenimi olu\u015fturan ve bize ait bir alan\u0131n d\u0131\u015f d\u00fcnyaya a\u00e7\u0131lan penceresidir. Bu nedenle, d\u0131\u015f cephe malzemeleri hem estetik a\u00e7\u0131dan \u00e7ekici olmal\u0131 hem de uzun \u00f6m\u00fcrl\u00fc bir dayan\u0131kl\u0131l\u0131\u011fa sahip olmal\u0131d\u0131r. Paslanmaz \u00e7elik, bu iki \u00f6zelli\u011fi bir arada sunarak d\u0131\u015f cephe kaplamalar\u0131nda ideal bir [&hellip;]<\/p>\n","protected":false},"author":1,"featured_media":2684,"comment_status":"closed","ping_status":"open","sticky":false,"template":"","format":"standard","meta":{"footnotes":""},"categories":[21],"tags":[56,55,84,85,62,65,32,39,81,63,66,64,33,82],"class_list":["post-2636","post","type-post","status-publish","format-standard","has-post-thumbnail","hentry","category-paslanmaz","tag-56","tag-55","tag-84","tag-85","tag-ankara","tag-bursa","tag-celik","tag-dekorasyon","tag-inox","tag-istanbul","tag-kayseri","tag-konya","tag-paslanmaz-celik","tag-paslanmaz-celik-fiyatlari"],"_links":{"self":[{"href":"https:\/\/samasinc.com\/tr\/wp-json\/wp\/v2\/posts\/2636","targetHints":{"allow":["GET"]}}],"collection":[{"href":"https:\/\/samasinc.com\/tr\/wp-json\/wp\/v2\/posts"}],"about":[{"href":"https:\/\/samasinc.com\/tr\/wp-json\/wp\/v2\/types\/post"}],"author":[{"embeddable":true,"href":"https:\/\/samasinc.com\/tr\/wp-json\/wp\/v2\/users\/1"}],"replies":[{"embeddable":true,"href":"https:\/\/samasinc.com\/tr\/wp-json\/wp\/v2\/comments?post=2636"}],"version-history":[{"count":6,"href":"https:\/\/samasinc.com\/tr\/wp-json\/wp\/v2\/posts\/2636\/revisions"}],"predecessor-version":[{"id":3449,"href":"https:\/\/samasinc.com\/tr\/wp-json\/wp\/v2\/posts\/2636\/revisions\/3449"}],"wp:featuredmedia":[{"embeddable":true,"href":"https:\/\/samasinc.com\/tr\/wp-json\/wp\/v2\/media\/2684"}],"wp:attachment":[{"href":"https:\/\/samasinc.com\/tr\/wp-json\/wp\/v2\/media?parent=2636"}],"wp:term":[{"taxonomy":"category","embeddable":true,"href":"https:\/\/samasinc.com\/tr\/wp-json\/wp\/v2\/categories?post=2636"},{"taxonomy":"post_tag","embeddable":true,"href":"https:\/\/samasinc.com\/tr\/wp-json\/wp\/v2\/tags?post=2636"}],"curies":[{"name":"wp","href":"https:\/\/api.w.org\/{rel}","templated":true}]}}