{"id":2689,"date":"2024-01-08T21:43:47","date_gmt":"2024-01-08T21:43:47","guid":{"rendered":"https:\/\/samasinc.com\/?p=2689"},"modified":"2025-04-28T12:35:35","modified_gmt":"2025-04-28T12:35:35","slug":"mutfakta-siklik-ve-saglik-paslanmaz-celik-ile-tanisin-samas-ile-en-iyisini-kesfedin","status":"publish","type":"post","link":"https:\/\/samasinc.com\/tr\/mutfakta-siklik-ve-saglik-paslanmaz-celik-ile-tanisin-samas-ile-en-iyisini-kesfedin\/","title":{"rendered":"Mutfakta \u015e\u0131kl\u0131k ve Sa\u011fl\u0131k: Paslanmaz \u00c7elik ile Tan\u0131\u015f\u0131n! Samas ile En \u0130yisini Ke\u015ffedin!"},"content":{"rendered":"\n<h1 class=\"wp-block-heading\">Mutfakta \u015e\u0131kl\u0131k ve Sa\u011fl\u0131k: Paslanmaz \u00c7elik ile Tan\u0131\u015f\u0131n! Samas ile En \u0130yisini Ke\u015ffedin!<\/h1>\n\n\n\n<p>Mutfak, bir evin kalbidir ve bu alanda kullan\u0131lan ekipmanlar hem sa\u011fl\u0131kl\u0131 hem de estetik olmal\u0131d\u0131r. Paslanmaz \u00e7elik, mutfakta kullan\u0131lan malzemeler aras\u0131nda hem sa\u011fl\u0131k hem de \u015f\u0131kl\u0131k a\u00e7\u0131s\u0131ndan \u00f6n plana \u00e7\u0131kan bir malzemedir. \u0130\u015fte paslanmaz \u00e7eli\u011fin mutfakta kullan\u0131m\u0131n\u0131n faydalar\u0131 ve neden en iyi paslanmaz \u00e7eli\u011fi Samas&#8217;tan alman\u0131z gerekti\u011fi:<\/p>\n\n\n\n<figure class=\"wp-block-image size-full is-resized\"><img loading=\"lazy\" decoding=\"async\" width=\"600\" height=\"401\" src=\"https:\/\/samasinc.com\/wp-content\/uploads\/2024\/01\/33b1f7850dee654b5c507388b4e3c829.jpg\" alt=\"\" class=\"wp-image-2690\" style=\"width:836px;height:auto\" srcset=\"https:\/\/samasinc.com\/wp-content\/uploads\/2024\/01\/33b1f7850dee654b5c507388b4e3c829.jpg 600w, https:\/\/samasinc.com\/wp-content\/uploads\/2024\/01\/33b1f7850dee654b5c507388b4e3c829-300x201.jpg 300w, https:\/\/samasinc.com\/wp-content\/uploads\/2024\/01\/33b1f7850dee654b5c507388b4e3c829-18x12.jpg 18w\" sizes=\"auto, (max-width: 600px) 100vw, 600px\" \/><\/figure>\n\n\n\n<h2 class=\"wp-block-heading\">1. Sa\u011fl\u0131kl\u0131 Bir Mutfak \u0130\u00e7in Paslanmaz \u00c7elik:<\/h2>\n\n\n\n<ul class=\"wp-block-list\">\n<li><strong>Paslanmaz ve Hijyenik:<\/strong> Mutfak y\u00fczeyleri ve ekipmanlar\u0131, paslanmaz \u00e7elik ile kapland\u0131\u011f\u0131nda bakteri ve mikroplar\u0131n yay\u0131lma olas\u0131l\u0131\u011f\u0131 azal\u0131r. Paslanmaz \u00e7elik, p\u00fcr\u00fczs\u00fcz y\u00fczeyi sayesinde temizli\u011fi kolayla\u015ft\u0131r\u0131r ve hijyen standartlar\u0131n\u0131 kar\u015f\u0131lar.<\/li>\n\n\n\n<li><strong>G\u0131da G\u00fcvenli\u011fi:<\/strong> Paslanmaz \u00e7elik, g\u0131da ile temas etti\u011finde zararl\u0131 maddelerin ge\u00e7i\u015fini \u00f6nleyen bir bariyer olu\u015fturur. Bu \u00f6zelli\u011fi sayesinde mutfakta kullan\u0131lan paslanmaz \u00e7elik ekipmanlar, g\u0131dalar\u0131n temiz ve g\u00fcvenli bir \u015fekilde saklanmas\u0131na yard\u0131mc\u0131 olur.<\/li>\n\n\n\n<li><strong>Dayan\u0131kl\u0131l\u0131k:<\/strong> Mutfakta kullan\u0131lan ekipmanlar\u0131n dayan\u0131kl\u0131l\u0131\u011f\u0131 \u00f6nemlidir. Paslanmaz \u00e7elik, \u00e7izilmelere ve a\u015f\u0131nmalara kar\u015f\u0131 diren\u00e7 g\u00f6sterir, b\u00f6ylece uzun \u00f6m\u00fcrl\u00fc ve dayan\u0131kl\u0131 bir mutfak deneyimi sunar.<\/li>\n<\/ul>\n\n\n\n<figure class=\"wp-block-gallery has-nested-images columns-default is-cropped wp-block-gallery-1 is-layout-flex wp-block-gallery-is-layout-flex\">\n<figure class=\"wp-block-image size-large\"><img loading=\"lazy\" decoding=\"async\" width=\"1024\" height=\"576\" data-id=\"2691\" src=\"https:\/\/samasinc.com\/wp-content\/uploads\/2024\/01\/AD1219_COTTON_16.jpg-1024x576.webp\" alt=\"\" class=\"wp-image-2691\" srcset=\"https:\/\/samasinc.com\/wp-content\/uploads\/2024\/01\/AD1219_COTTON_16.jpg-1024x576.webp 1024w, https:\/\/samasinc.com\/wp-content\/uploads\/2024\/01\/AD1219_COTTON_16.jpg-300x169.webp 300w, https:\/\/samasinc.com\/wp-content\/uploads\/2024\/01\/AD1219_COTTON_16.jpg-768x432.webp 768w, https:\/\/samasinc.com\/wp-content\/uploads\/2024\/01\/AD1219_COTTON_16.jpg-18x10.webp 18w, https:\/\/samasinc.com\/wp-content\/uploads\/2024\/01\/AD1219_COTTON_16.jpg.webp 1280w\" sizes=\"auto, (max-width: 1024px) 100vw, 1024px\" \/><\/figure>\n<\/figure>\n\n\n\n<h2 class=\"wp-block-heading\">2. Samas ile M\u00fckemmel Mutfak Deneyimi:<\/h2>\n\n\n\n<ul class=\"wp-block-list\">\n<li><strong>\u00dcst\u00fcn Kalite:<\/strong> Samas, paslanmaz \u00e7elik konusunda uzmanla\u015fm\u0131\u015f bir markad\u0131r. \u00dcr\u00fcnleri, y\u00fcksek kalite standartlar\u0131na uygun olarak \u00fcretilir ve kullan\u0131c\u0131lar\u0131na uzun \u00f6m\u00fcrl\u00fc bir mutfak deneyimi sunar.<\/li>\n\n\n\n<li><strong>\u00c7e\u015fitli \u00dcr\u00fcn Yelpazesi:<\/strong> Samas&#8217;\u0131n geni\u015f \u00fcr\u00fcn yelpazesi, mutfak ihtiya\u00e7lar\u0131n\u0131za uygun \u00e7\u00f6z\u00fcmler sunar. Mutfak e\u015fyalar\u0131ndan sofra tak\u0131mlar\u0131na, her bir \u00fcr\u00fcn estetik tasar\u0131mlar\u0131yla dikkat \u00e7eker.<\/li>\n\n\n\n<li><strong>Estetik ve \u015e\u0131kl\u0131k:<\/strong> Paslanmaz \u00e7elik, modern ve \u015f\u0131k bir g\u00f6r\u00fcn\u00fcm sunar. Samas&#8217;\u0131n tasarlad\u0131\u011f\u0131 \u00fcr\u00fcnler, sadece sa\u011fl\u0131k ve dayan\u0131kl\u0131l\u0131k sunmakla kalmaz, ayn\u0131 zamanda mutfak dekorunuza da estetik bir katk\u0131 sa\u011flar.<\/li>\n<\/ul>\n\n\n\n<p>Paslanmaz \u00e7elikle donat\u0131lm\u0131\u015f bir mutfak, sa\u011fl\u0131\u011f\u0131n\u0131z\u0131 korurken ayn\u0131 zamanda \u015f\u0131kl\u0131\u011f\u0131 da yakalaman\u0131z\u0131 sa\u011flar. Samas&#8217;\u0131n kaliteli ve estetik \u00fcr\u00fcnleri ile mutfak deneyiminizi m\u00fckemmel hale getirebilir, sa\u011fl\u0131kl\u0131 ve g\u00fcvenli bir ortamda yemek yapman\u0131n keyfini \u00e7\u0131karabilirsiniz. Samas ile mutfakta sa\u011fl\u0131k ve \u015f\u0131kl\u0131\u011f\u0131 bir arada ya\u015fay\u0131n!<\/p>\n\n\n\n<p><a href=\"https:\/\/samasinc.com\/tr\/bize-ulasin\/\">Bize Ula\u015f\u0131n!<\/a><\/p>\n","protected":false},"excerpt":{"rendered":"<p>Mutfakta \u015e\u0131kl\u0131k ve Sa\u011fl\u0131k: Paslanmaz \u00c7elik ile Tan\u0131\u015f\u0131n! Samas ile En \u0130yisini Ke\u015ffedin! Mutfak, bir evin kalbidir ve bu alanda kullan\u0131lan ekipmanlar hem sa\u011fl\u0131kl\u0131 hem de estetik olmal\u0131d\u0131r. Paslanmaz \u00e7elik, mutfakta kullan\u0131lan malzemeler aras\u0131nda hem sa\u011fl\u0131k hem de \u015f\u0131kl\u0131k a\u00e7\u0131s\u0131ndan \u00f6n plana \u00e7\u0131kan bir malzemedir. \u0130\u015fte paslanmaz \u00e7eli\u011fin mutfakta kullan\u0131m\u0131n\u0131n faydalar\u0131 ve neden en iyi [&hellip;]<\/p>\n","protected":false},"author":1,"featured_media":2692,"comment_status":"closed","ping_status":"open","sticky":false,"template":"","format":"standard","meta":{"footnotes":""},"categories":[22,21],"tags":[56,55,62,32,81,63,67,61,33,82,73,68],"class_list":["post-2689","post","type-post","status-publish","format-standard","has-post-thumbnail","hentry","category-mimarlik","category-paslanmaz","tag-56","tag-55","tag-ankara","tag-celik","tag-inox","tag-istanbul","tag-mutfak","tag-paslanmaz","tag-paslanmaz-celik","tag-paslanmaz-celik-fiyatlari","tag-samas","tag-toptan"],"_links":{"self":[{"href":"https:\/\/samasinc.com\/tr\/wp-json\/wp\/v2\/posts\/2689","targetHints":{"allow":["GET"]}}],"collection":[{"href":"https:\/\/samasinc.com\/tr\/wp-json\/wp\/v2\/posts"}],"about":[{"href":"https:\/\/samasinc.com\/tr\/wp-json\/wp\/v2\/types\/post"}],"author":[{"embeddable":true,"href":"https:\/\/samasinc.com\/tr\/wp-json\/wp\/v2\/users\/1"}],"replies":[{"embeddable":true,"href":"https:\/\/samasinc.com\/tr\/wp-json\/wp\/v2\/comments?post=2689"}],"version-history":[{"count":4,"href":"https:\/\/samasinc.com\/tr\/wp-json\/wp\/v2\/posts\/2689\/revisions"}],"predecessor-version":[{"id":3448,"href":"https:\/\/samasinc.com\/tr\/wp-json\/wp\/v2\/posts\/2689\/revisions\/3448"}],"wp:featuredmedia":[{"embeddable":true,"href":"https:\/\/samasinc.com\/tr\/wp-json\/wp\/v2\/media\/2692"}],"wp:attachment":[{"href":"https:\/\/samasinc.com\/tr\/wp-json\/wp\/v2\/media?parent=2689"}],"wp:term":[{"taxonomy":"category","embeddable":true,"href":"https:\/\/samasinc.com\/tr\/wp-json\/wp\/v2\/categories?post=2689"},{"taxonomy":"post_tag","embeddable":true,"href":"https:\/\/samasinc.com\/tr\/wp-json\/wp\/v2\/tags?post=2689"}],"curies":[{"name":"wp","href":"https:\/\/api.w.org\/{rel}","templated":true}]}}